{"id":3284,"date":"2023-01-02T12:32:43","date_gmt":"2023-01-02T11:32:43","guid":{"rendered":"https:\/\/www.uholavillagefoundation.com\/?p=3284"},"modified":"2023-01-02T12:32:43","modified_gmt":"2023-01-02T11:32:43","slug":"3-adventswoche-ein-wochenrueckblick","status":"publish","type":"post","link":"https:\/\/www.uholavillagefoundation.com\/en\/2023\/01\/02\/3-adventswoche-ein-wochenrueckblick\/","title":{"rendered":"3. Adventswoche &#8211; Ein Wochenr\u00fcckblick"},"content":{"rendered":"<p><strong style=\"font-size: 1rem;\">3. Adventswoche <\/strong><span style=\"font-size: 1rem;\">\u2013 Ein Wochenr\u00fcckblick (<em>von Alois Stimpfle<\/em>)<\/span><\/p>\n<p align=\"\u201cjustify\u201c\">Das \u201eWeiterwursteln\u201c hat sich bewahrheitet \u2013 kam aber bei all den vielf\u00e4ltigen Aufgaben und trotz aller Unabw\u00e4gbarkeiten zu einem erfolgreichen Abschluss.<\/p>\n<p align=\"\u201cjustify\u201c\">Michael konnte seine Schreiner-Kompetenz an renovierungsbed\u00fcrftigen T\u00fcren und Tischen und einer adventlichen Kerzenhalterung erweisen \u2013 immer interessiert begleitet von Sch\u00fclerInnen, die ihm neugierig zur Hand gingen.<\/p>\n<p align=\"\u201cjustify\u201c\">Die Renovierung von zwei Klassenr\u00e4umen wurde abgeschlossen. Ende der Woche konnten sie mit den neu gelieferten Schreibtischen (\u201elockers\u201c) und St\u00fchlen best\u00fcckt werden.<\/p>\n<p align=\"\u201cjustify\u201c\">Im Sch\u00fclerInnen-Gem\u00fcsegarten \u2013 Arbeitsbereich von Gervas \u2013 wurde ein Kompost aufgeschichtet, gut gemischt mit der selbstgefertigten Gartenkohle. In der Kompost-Ecke wurde ein zweiter Kompost-Haufen aufgestapelt mit reichlich Gr\u00fcnabfall und ebenfalls mit Gartenkohle gemischt. Die ausgelaugten Beete werden sich n\u00e4chstes Jahr auf ergiebigen Naturd\u00fcnger freuen k\u00f6nnen!<\/p>\n<p align=\"\u201cjustify\u201c\">Das alte Luzernefeld wurde entkrautet und neu anges\u00e4t; daneben wurde ein zweites Luzernebeet angelegt. Und ein nochmaliger Versuch mit Wennigser Brennnesselsamen erm\u00f6glicht hoffentlich in einem halben Jahr, die Kompost-Masse zu intensivieren und das Gedeihen der unterschiedlichen Gem\u00fcse zu steigern. Auch geerntet werden konnte: Erdn\u00fcsse, angepflanzt im Fr\u00fchjahr; Lauchzwiebel; verschiedene Arten von Blattgem\u00fcse; im Januar wartet eine reiche S\u00fc\u00dfkartoffel-Ernte.<\/p>\n<p align=\"\u201cjustify\u201c\">Im Schulk\u00fcchen-Garten wurde ebenfalls reichlich Unkraut gerupft. F\u00fcr einen separaten Komposthaufen wurde die Basis geschaffen und gleich mit Grasschnitt vom Fu\u00dfballfeld versorgt.<\/p>\n<p align=\"\u201cjustify\u201c\">Im angrenzenden Bananen-Garten werden bis Ende des Jahres ein Dutzend 80cm lange Bananenstauden geerntet werden k\u00f6nnen. Auf dem neuen \u201eMarkttisch\u201c, den Michael mit einer Holz-Deckplatte im Retrostil versehen hat, werden Sch\u00fclerInnen der Primary School ihre ersten eigenen Produkte der \u00d6ffentlichkeit zum Verkauf anbieten \u2013 Eink\u00fcnfte, die in den Garten wieder investiert werden.<\/p>\n<p align=\"\u201cjustify\u201c\">Viel Zeit nahmen wieder \u201eLand\u201c-Besichtigungen f\u00fcr die \u201eBerufsschule mit Internat\u201c in Anspruch \u2013 zweimal erfolglos, weil v\u00f6llig ungeeignet; zweimal aber auch mit Erfolg, weil aussichtsreich. Und so konnten die Br\u00fcder von Don Bosco, die sich auf den weiten Weg von Nairobi ins westliche Kenia gemacht hatten, insgesamt vier Grundst\u00fccke in Augenschein nehmen; zwei davon stehen in der engeren Auswahl \u2013 eine \u00e4u\u00dferst wohltuende Erfahrung, gerade auch hinsichtlich der Wachheit und Freundlichkeit der Don-Bosco-Leute: Menschen mit Hand und Fu\u00df und das Herz am rechten Fleck!<\/p>\n<p align=\"\u201cjustify\u201c\">Und dann ging es ja auch auf Weihnachten zu; unter den sommerlichen Temperaturen und bei schw\u00fclhei\u00dfen Tagen nur schwer nachvollziehbar f\u00fcr auf Winter eingestimmte Mitteleurop\u00e4er. Unsere Patensch\u00fclerInnen w\u00fcnschten sich \u2013 nicht anders als im \u201evorweihnachtlichen\u201c Deutschland \u2013 eine \u201echristmas party\u201c: ein ausgiebiges Mahl mit H\u00fchnchen und Ugali und Sweeties und Softdrinks &#8230; und dann das: Eine lange Tischfront, darauf eine Kerzenreihe mit 24 Kerzen, roten und wei\u00dfen (f\u00fcr die vier Adventssonntage); beim Hereinkommen kaum etwas zu erkennen, weil es schon dunkel war; dann die erste Kerze und \u201eWir sagen euch an den lieben Advent\u201c; dann die zweite und die dritte und die vierte, jeweils von einem der Sch\u00fclerInnen angez\u00fcndet \u2013 z\u00f6gerlich, verhalten; dann die Beobachtung, dass es ganz langsam heller wurde im Raum, und immer heller; und dazwischen deutschsprachige Advents- und Weihnachtslieder; die letzten vier Kerzen blieben unber\u00fchrt, noch war ja nicht Weihnachten \u2013 aber die Wahrnehmung, dass ein kleines Licht die gro\u00dfe Dunkelheit ein wenig zumindest heller machen kann, sp\u00fcrbar beeindruckte sie am Ende alle; und in der Vorfreude durfte auch reichlich \u201egenascht\u201c werden \u2013 bis dann leider ein Stein durch das Fenster geflogen kam, zum Gl\u00fcck abgebremst von einer der metallenen Fensterstangen \u2026<\/p>\n<p align=\"\u201cjustify\u201c\">\u201eLassen Sie sich nicht entmutigen!\u201c, ermunterte mich ein paar Tage sp\u00e4ter in Nairobi einer der alt-ehrw\u00fcrdigen Br\u00fcder von Don Bosco: \u201eAlles Gute, das getan wurde, bleibt gut!\u201c<\/p>\n<p align=\"\u201cjustify\u201c\">Wir werden weitermachen. Wir werden vor allem in Zusammenarbeit mit den erfahrenen Don-Bosco-Br\u00fcdern weitermachen. Und wir werden im l\u00e4ndlichen West-Kenias berufliche M\u00f6glichkeiten er\u00f6ffnen f\u00fcr ein Leben, das mehr Licht bringt in die Welt von Mensch und Natur!<\/p>\n<p style=\"text-align: center;\" align=\"\u201cjustify\u201c\"><div class=\"su-custom-gallery su-custom-gallery-title-never su-lightbox-gallery\"><div class=\"su-custom-gallery-slide\"><a href=\"https:\/\/www.uholavillagefoundation.com\/wp-content\/uploads\/2023\/01\/Dritte-Adventswoche-in-Uhola-9.jpeg\" target=\"_blank\" title=\"Dritte Adventswoche in Uhola (9)\"><img src=\"https:\/\/www.uholavillagefoundation.com\/wp-content\/uploads\/2023\/01\/Dritte-Adventswoche-in-Uhola-9-300x200.jpeg\" alt=\"Dritte Adventswoche in Uhola (9)\" width=\"300\" height=\"200\" \/><span class=\"su-custom-gallery-title\">Dritte Adventswoche in Uhola (9)<\/span><\/a><\/div><div class=\"su-custom-gallery-slide\"><a href=\"https:\/\/www.uholavillagefoundation.com\/wp-content\/uploads\/2023\/01\/Dritte-Adventswoche-in-Uhola-7.jpeg\" target=\"_blank\" title=\"Dritte Adventswoche in Uhola (7)\"><img src=\"https:\/\/www.uholavillagefoundation.com\/wp-content\/uploads\/2023\/01\/Dritte-Adventswoche-in-Uhola-7-300x200.jpeg\" alt=\"Dritte Adventswoche in Uhola (7)\" width=\"300\" height=\"200\" \/><span class=\"su-custom-gallery-title\">Dritte Adventswoche in Uhola (7)<\/span><\/a><\/div><div class=\"su-custom-gallery-slide\"><a href=\"https:\/\/www.uholavillagefoundation.com\/wp-content\/uploads\/2023\/01\/Dritte-Adventswoche-in-Uhola-8.jpeg\" target=\"_blank\" title=\"Dritte Adventswoche in Uhola (8)\"><img src=\"https:\/\/www.uholavillagefoundation.com\/wp-content\/uploads\/2023\/01\/Dritte-Adventswoche-in-Uhola-8-300x200.jpeg\" alt=\"Dritte Adventswoche in Uhola (8)\" width=\"300\" height=\"200\" \/><span class=\"su-custom-gallery-title\">Dritte Adventswoche in Uhola (8)<\/span><\/a><\/div><div class=\"su-custom-gallery-slide\"><a href=\"https:\/\/www.uholavillagefoundation.com\/wp-content\/uploads\/2023\/01\/Dritte-Adventswoche-in-Uhola-10.jpeg\" target=\"_blank\" title=\"Dritte Adventswoche in Uhola (10)\"><img src=\"https:\/\/www.uholavillagefoundation.com\/wp-content\/uploads\/2023\/01\/Dritte-Adventswoche-in-Uhola-10-300x200.jpeg\" alt=\"Dritte Adventswoche in Uhola (10)\" width=\"300\" height=\"200\" \/><span class=\"su-custom-gallery-title\">Dritte Adventswoche in Uhola (10)<\/span><\/a><\/div><div class=\"su-custom-gallery-slide\"><a href=\"https:\/\/www.uholavillagefoundation.com\/wp-content\/uploads\/2023\/01\/Dritte-Adventswoche-in-Uhola-11.jpeg\" target=\"_blank\" title=\"Dritte Adventswoche in Uhola (11)\"><img src=\"https:\/\/www.uholavillagefoundation.com\/wp-content\/uploads\/2023\/01\/Dritte-Adventswoche-in-Uhola-11-300x200.jpeg\" alt=\"Dritte Adventswoche in Uhola (11)\" width=\"300\" height=\"200\" \/><span class=\"su-custom-gallery-title\">Dritte Adventswoche in Uhola (11)<\/span><\/a><\/div><div class=\"su-custom-gallery-slide\"><a href=\"https:\/\/www.uholavillagefoundation.com\/wp-content\/uploads\/2023\/01\/Dritte-Adventswoche-in-Uhola-1.jpeg\" target=\"_blank\" title=\"Dritte Adventswoche in Uhola (1)\"><img src=\"https:\/\/www.uholavillagefoundation.com\/wp-content\/uploads\/2023\/01\/Dritte-Adventswoche-in-Uhola-1-300x200.jpeg\" alt=\"Dritte Adventswoche in Uhola (1)\" width=\"300\" height=\"200\" \/><span class=\"su-custom-gallery-title\">Dritte Adventswoche in Uhola (1)<\/span><\/a><\/div><div class=\"su-custom-gallery-slide\"><a href=\"https:\/\/www.uholavillagefoundation.com\/wp-content\/uploads\/2023\/01\/Dritte-Adventswoche-in-Uhola-3.jpeg\" target=\"_blank\" title=\"Dritte Adventswoche in Uhola (3)\"><img src=\"https:\/\/www.uholavillagefoundation.com\/wp-content\/uploads\/2023\/01\/Dritte-Adventswoche-in-Uhola-3-300x200.jpeg\" alt=\"Dritte Adventswoche in Uhola (3)\" width=\"300\" height=\"200\" \/><span class=\"su-custom-gallery-title\">Dritte Adventswoche in Uhola (3)<\/span><\/a><\/div><div class=\"su-custom-gallery-slide\"><a href=\"https:\/\/www.uholavillagefoundation.com\/wp-content\/uploads\/2023\/01\/Dritte-Adventswoche-in-Uhola-4.jpeg\" target=\"_blank\" title=\"Dritte Adventswoche in Uhola (4)\"><img src=\"https:\/\/www.uholavillagefoundation.com\/wp-content\/uploads\/2023\/01\/Dritte-Adventswoche-in-Uhola-4-300x200.jpeg\" alt=\"Dritte Adventswoche in Uhola (4)\" width=\"300\" height=\"200\" \/><span class=\"su-custom-gallery-title\">Dritte Adventswoche in Uhola (4)<\/span><\/a><\/div><div class=\"su-custom-gallery-slide\"><a href=\"https:\/\/www.uholavillagefoundation.com\/wp-content\/uploads\/2023\/01\/Dritte-Adventswoche-in-Uhola-2.jpeg\" target=\"_blank\" title=\"Dritte Adventswoche in Uhola (2)\"><img src=\"https:\/\/www.uholavillagefoundation.com\/wp-content\/uploads\/2023\/01\/Dritte-Adventswoche-in-Uhola-2-300x200.jpeg\" alt=\"Dritte Adventswoche in Uhola (2)\" width=\"300\" height=\"200\" \/><span class=\"su-custom-gallery-title\">Dritte Adventswoche in Uhola (2)<\/span><\/a><\/div><div class=\"su-custom-gallery-slide\"><a href=\"https:\/\/www.uholavillagefoundation.com\/wp-content\/uploads\/2023\/01\/Dritte-Adventswoche-in-Uhola-5.jpeg\" target=\"_blank\" title=\"Dritte Adventswoche in Uhola (5)\"><img src=\"https:\/\/www.uholavillagefoundation.com\/wp-content\/uploads\/2023\/01\/Dritte-Adventswoche-in-Uhola-5-300x200.jpeg\" alt=\"Dritte Adventswoche in Uhola (5)\" width=\"300\" height=\"200\" \/><span class=\"su-custom-gallery-title\">Dritte Adventswoche in Uhola (5)<\/span><\/a><\/div><div class=\"su-custom-gallery-slide\"><a href=\"https:\/\/www.uholavillagefoundation.com\/wp-content\/uploads\/2023\/01\/Dritte-Adventswoche-in-Uhola-6.jpeg\" target=\"_blank\" title=\"Dritte Adventswoche in Uhola (6)\"><img src=\"https:\/\/www.uholavillagefoundation.com\/wp-content\/uploads\/2023\/01\/Dritte-Adventswoche-in-Uhola-6-300x200.jpeg\" alt=\"Dritte Adventswoche in Uhola (6)\" width=\"300\" height=\"200\" \/><span class=\"su-custom-gallery-title\">Dritte Adventswoche in Uhola (6)<\/span><\/a><\/div><div class=\"su-clear\"><\/div><\/div>\n","protected":false},"excerpt":{"rendered":"<p>3. Adventswoche \u2013 Ein Wochenr\u00fcckblick (von Alois Stimpfle) Das \u201eWeiterwursteln\u201c hat sich bewahrheitet \u2013 kam aber bei all den vielf\u00e4ltigen Aufgaben und trotz aller Unabw\u00e4gbarkeiten zu einem erfolgreichen Abschluss. Michael konnte seine Schreiner-Kompetenz an renovierungsbed\u00fcrftigen T\u00fcren und Tischen und einer adventlichen Kerzenhalterung erweisen \u2013 immer interessiert begleitet von Sch\u00fclerInnen, die ihm neugierig zur Hand gingen. &hellip; <\/p>\n<p class=\"link-more\"><a href=\"https:\/\/www.uholavillagefoundation.com\/en\/2023\/01\/02\/3-adventswoche-ein-wochenrueckblick\/\" class=\"more-link\">Continue reading<span class=\"screen-reader-text\"> &#8220;3. Adventswoche &#8211; Ein Wochenr\u00fcckblick&#8221;<\/span><\/a><\/p>\n","protected":false},"author":2,"featured_media":0,"comment_status":"closed","ping_status":"open","sticky":false,"template":"","format":"standard","meta":[],"categories":[1],"tags":[],"translation":{"provider":"WPGlobus","version":"2.10.9","language":"en","enabled_languages":["de","en"],"languages":{"de":{"title":true,"content":true,"excerpt":false},"en":{"title":false,"content":false,"excerpt":false}}},"yoast_head":"<!-- This site is optimized with the Yoast SEO plugin v20.0 - https:\/\/yoast.com\/wordpress\/plugins\/seo\/ -->\n<title>3. Adventswoche - Ein Wochenr\u00fcckblick - Uhola Village Foundation<\/title>\n<meta name=\"robots\" content=\"index, follow, max-snippet:-1, max-image-preview:large, max-video-preview:-1\" \/>\n<link rel=\"canonical\" href=\"https:\/\/www.uholavillagefoundation.com\/2023\/01\/02\/3-adventswoche-ein-wochenrueckblick\/\" \/>\n<meta property=\"og:locale\" content=\"en_US\" \/>\n<meta property=\"og:type\" content=\"article\" \/>\n<meta property=\"og:title\" content=\"3. Adventswoche - Ein Wochenr\u00fcckblick - Uhola Village Foundation\" \/>\n<meta property=\"og:url\" content=\"https:\/\/www.uholavillagefoundation.com\/2023\/01\/02\/3-adventswoche-ein-wochenrueckblick\/\" \/>\n<meta property=\"og:site_name\" content=\"Uhola Village Foundation\" \/>\n<meta property=\"article:published_time\" content=\"2023-01-02T11:32:43+00:00\" \/>\n<meta name=\"author\" content=\"Tabitha Stimpfle\" \/>\n<meta name=\"twitter:card\" content=\"summary_large_image\" \/>\n<meta name=\"twitter:label1\" content=\"Written by\" \/>\n\t<meta name=\"twitter:data1\" content=\"Tabitha Stimpfle\" \/>\n\t<meta name=\"twitter:label2\" content=\"Est. reading time\" \/>\n\t<meta name=\"twitter:data2\" content=\"3 minutes\" \/>\n<script type=\"application\/ld+json\" class=\"yoast-schema-graph\">{\"@context\":\"https:\/\/schema.org\",\"@graph\":[{\"@type\":\"Article\",\"@id\":\"https:\/\/www.uholavillagefoundation.com\/2023\/01\/02\/3-adventswoche-ein-wochenrueckblick\/#article\",\"isPartOf\":{\"@id\":\"https:\/\/www.uholavillagefoundation.com\/2023\/01\/02\/3-adventswoche-ein-wochenrueckblick\/\"},\"author\":{\"name\":\"Tabitha Stimpfle\",\"@id\":\"https:\/\/www.uholavillagefoundation.com\/#\/schema\/person\/afd27ef7f1019d520a92e7e6e48f50d0\"},\"headline\":\"3. Adventswoche &#8211; Ein Wochenr\u00fcckblick\",\"datePublished\":\"2023-01-02T11:32:43+00:00\",\"dateModified\":\"2023-01-02T11:32:43+00:00\",\"mainEntityOfPage\":{\"@id\":\"https:\/\/www.uholavillagefoundation.com\/2023\/01\/02\/3-adventswoche-ein-wochenrueckblick\/\"},\"wordCount\":657,\"publisher\":{\"@id\":\"https:\/\/www.uholavillagefoundation.com\/#organization\"},\"articleSection\":[\"Allgemein\"],\"inLanguage\":\"en-UK\"},{\"@type\":\"WebPage\",\"@id\":\"https:\/\/www.uholavillagefoundation.com\/2023\/01\/02\/3-adventswoche-ein-wochenrueckblick\/\",\"url\":\"https:\/\/www.uholavillagefoundation.com\/2023\/01\/02\/3-adventswoche-ein-wochenrueckblick\/\",\"name\":\"3. Adventswoche - Ein Wochenr\u00fcckblick - Uhola Village Foundation\",\"isPartOf\":{\"@id\":\"https:\/\/www.uholavillagefoundation.com\/#website\"},\"datePublished\":\"2023-01-02T11:32:43+00:00\",\"dateModified\":\"2023-01-02T11:32:43+00:00\",\"breadcrumb\":{\"@id\":\"https:\/\/www.uholavillagefoundation.com\/2023\/01\/02\/3-adventswoche-ein-wochenrueckblick\/#breadcrumb\"},\"inLanguage\":\"en-UK\",\"potentialAction\":[{\"@type\":\"ReadAction\",\"target\":[\"https:\/\/www.uholavillagefoundation.com\/2023\/01\/02\/3-adventswoche-ein-wochenrueckblick\/\"]}]},{\"@type\":\"BreadcrumbList\",\"@id\":\"https:\/\/www.uholavillagefoundation.com\/2023\/01\/02\/3-adventswoche-ein-wochenrueckblick\/#breadcrumb\",\"itemListElement\":[{\"@type\":\"ListItem\",\"position\":1,\"name\":\"Home\",\"item\":\"https:\/\/www.uholavillagefoundation.com\/\"},{\"@type\":\"ListItem\",\"position\":2,\"name\":\"3. Adventswoche &#8211; Ein Wochenr\u00fcckblick\"}]},{\"@type\":\"WebSite\",\"@id\":\"https:\/\/www.uholavillagefoundation.com\/#website\",\"url\":\"https:\/\/www.uholavillagefoundation.com\/\",\"name\":\"Uhola Village Foundation\",\"description\":\"Supporting sustainable development in Uhola, Kenya\",\"publisher\":{\"@id\":\"https:\/\/www.uholavillagefoundation.com\/#organization\"},\"potentialAction\":[{\"@type\":\"SearchAction\",\"target\":{\"@type\":\"EntryPoint\",\"urlTemplate\":\"https:\/\/www.uholavillagefoundation.com\/?s={search_term_string}\"},\"query-input\":\"required name=search_term_string\"}],\"inLanguage\":\"en-UK\"},{\"@type\":\"Organization\",\"@id\":\"https:\/\/www.uholavillagefoundation.com\/#organization\",\"name\":\"Uhola Village Foundation\",\"url\":\"https:\/\/www.uholavillagefoundation.com\/\",\"logo\":{\"@type\":\"ImageObject\",\"inLanguage\":\"en-UK\",\"@id\":\"https:\/\/www.uholavillagefoundation.com\/#\/schema\/logo\/image\/\",\"url\":\"https:\/\/www.uholavillagefoundation.com\/wp-content\/uploads\/2017\/12\/cropped-24826032_1647026988691478_194300397_o.png\",\"contentUrl\":\"https:\/\/www.uholavillagefoundation.com\/wp-content\/uploads\/2017\/12\/cropped-24826032_1647026988691478_194300397_o.png\",\"width\":251,\"height\":250,\"caption\":\"Uhola Village Foundation\"},\"image\":{\"@id\":\"https:\/\/www.uholavillagefoundation.com\/#\/schema\/logo\/image\/\"}},{\"@type\":\"Person\",\"@id\":\"https:\/\/www.uholavillagefoundation.com\/#\/schema\/person\/afd27ef7f1019d520a92e7e6e48f50d0\",\"name\":\"Tabitha Stimpfle\",\"image\":{\"@type\":\"ImageObject\",\"inLanguage\":\"en-UK\",\"@id\":\"https:\/\/www.uholavillagefoundation.com\/#\/schema\/person\/image\/\",\"url\":\"https:\/\/secure.gravatar.com\/avatar\/8c66392656665d2f6b6e9d54969d083f?s=96&d=mm&r=g\",\"contentUrl\":\"https:\/\/secure.gravatar.com\/avatar\/8c66392656665d2f6b6e9d54969d083f?s=96&d=mm&r=g\",\"caption\":\"Tabitha Stimpfle\"},\"description\":\"Co-Initiatorin und Vorstandsmitglied von Uhola Village Foundation e.V.\",\"sameAs\":[\"http:\/\/www.uholavillagefoundation.com\"],\"url\":\"https:\/\/www.uholavillagefoundation.com\/en\/author\/tabitha\/\"}]}<\/script>\n<!-- \/ Yoast SEO plugin. -->","yoast_head_json":{"title":"3. Adventswoche - Ein Wochenr\u00fcckblick - Uhola Village Foundation","robots":{"index":"index","follow":"follow","max-snippet":"max-snippet:-1","max-image-preview":"max-image-preview:large","max-video-preview":"max-video-preview:-1"},"canonical":"https:\/\/www.uholavillagefoundation.com\/2023\/01\/02\/3-adventswoche-ein-wochenrueckblick\/","og_locale":"en_US","og_type":"article","og_title":"3. Adventswoche - Ein Wochenr\u00fcckblick - Uhola Village Foundation","og_url":"https:\/\/www.uholavillagefoundation.com\/2023\/01\/02\/3-adventswoche-ein-wochenrueckblick\/","og_site_name":"Uhola Village Foundation","article_published_time":"2023-01-02T11:32:43+00:00","author":"Tabitha Stimpfle","twitter_card":"summary_large_image","twitter_misc":{"Written by":"Tabitha Stimpfle","Est. reading time":"3 minutes"},"schema":{"@context":"https:\/\/schema.org","@graph":[{"@type":"Article","@id":"https:\/\/www.uholavillagefoundation.com\/2023\/01\/02\/3-adventswoche-ein-wochenrueckblick\/#article","isPartOf":{"@id":"https:\/\/www.uholavillagefoundation.com\/2023\/01\/02\/3-adventswoche-ein-wochenrueckblick\/"},"author":{"name":"Tabitha Stimpfle","@id":"https:\/\/www.uholavillagefoundation.com\/#\/schema\/person\/afd27ef7f1019d520a92e7e6e48f50d0"},"headline":"3. Adventswoche &#8211; Ein Wochenr\u00fcckblick","datePublished":"2023-01-02T11:32:43+00:00","dateModified":"2023-01-02T11:32:43+00:00","mainEntityOfPage":{"@id":"https:\/\/www.uholavillagefoundation.com\/2023\/01\/02\/3-adventswoche-ein-wochenrueckblick\/"},"wordCount":657,"publisher":{"@id":"https:\/\/www.uholavillagefoundation.com\/#organization"},"articleSection":["Allgemein"],"inLanguage":"en-UK"},{"@type":"WebPage","@id":"https:\/\/www.uholavillagefoundation.com\/2023\/01\/02\/3-adventswoche-ein-wochenrueckblick\/","url":"https:\/\/www.uholavillagefoundation.com\/2023\/01\/02\/3-adventswoche-ein-wochenrueckblick\/","name":"3. Adventswoche - Ein Wochenr\u00fcckblick - Uhola Village Foundation","isPartOf":{"@id":"https:\/\/www.uholavillagefoundation.com\/#website"},"datePublished":"2023-01-02T11:32:43+00:00","dateModified":"2023-01-02T11:32:43+00:00","breadcrumb":{"@id":"https:\/\/www.uholavillagefoundation.com\/2023\/01\/02\/3-adventswoche-ein-wochenrueckblick\/#breadcrumb"},"inLanguage":"en-UK","potentialAction":[{"@type":"ReadAction","target":["https:\/\/www.uholavillagefoundation.com\/2023\/01\/02\/3-adventswoche-ein-wochenrueckblick\/"]}]},{"@type":"BreadcrumbList","@id":"https:\/\/www.uholavillagefoundation.com\/2023\/01\/02\/3-adventswoche-ein-wochenrueckblick\/#breadcrumb","itemListElement":[{"@type":"ListItem","position":1,"name":"Home","item":"https:\/\/www.uholavillagefoundation.com\/"},{"@type":"ListItem","position":2,"name":"3. Adventswoche &#8211; Ein Wochenr\u00fcckblick"}]},{"@type":"WebSite","@id":"https:\/\/www.uholavillagefoundation.com\/#website","url":"https:\/\/www.uholavillagefoundation.com\/","name":"Uhola Village Foundation","description":"Supporting sustainable development in Uhola, Kenya","publisher":{"@id":"https:\/\/www.uholavillagefoundation.com\/#organization"},"potentialAction":[{"@type":"SearchAction","target":{"@type":"EntryPoint","urlTemplate":"https:\/\/www.uholavillagefoundation.com\/?s={search_term_string}"},"query-input":"required name=search_term_string"}],"inLanguage":"en-UK"},{"@type":"Organization","@id":"https:\/\/www.uholavillagefoundation.com\/#organization","name":"Uhola Village Foundation","url":"https:\/\/www.uholavillagefoundation.com\/","logo":{"@type":"ImageObject","inLanguage":"en-UK","@id":"https:\/\/www.uholavillagefoundation.com\/#\/schema\/logo\/image\/","url":"https:\/\/www.uholavillagefoundation.com\/wp-content\/uploads\/2017\/12\/cropped-24826032_1647026988691478_194300397_o.png","contentUrl":"https:\/\/www.uholavillagefoundation.com\/wp-content\/uploads\/2017\/12\/cropped-24826032_1647026988691478_194300397_o.png","width":251,"height":250,"caption":"Uhola Village Foundation"},"image":{"@id":"https:\/\/www.uholavillagefoundation.com\/#\/schema\/logo\/image\/"}},{"@type":"Person","@id":"https:\/\/www.uholavillagefoundation.com\/#\/schema\/person\/afd27ef7f1019d520a92e7e6e48f50d0","name":"Tabitha Stimpfle","image":{"@type":"ImageObject","inLanguage":"en-UK","@id":"https:\/\/www.uholavillagefoundation.com\/#\/schema\/person\/image\/","url":"https:\/\/secure.gravatar.com\/avatar\/8c66392656665d2f6b6e9d54969d083f?s=96&d=mm&r=g","contentUrl":"https:\/\/secure.gravatar.com\/avatar\/8c66392656665d2f6b6e9d54969d083f?s=96&d=mm&r=g","caption":"Tabitha Stimpfle"},"description":"Co-Initiatorin und Vorstandsmitglied von Uhola Village Foundation e.V.","sameAs":["http:\/\/www.uholavillagefoundation.com"],"url":"https:\/\/www.uholavillagefoundation.com\/en\/author\/tabitha\/"}]}},"_links":{"self":[{"href":"https:\/\/www.uholavillagefoundation.com\/en\/wp-json\/wp\/v2\/posts\/3284"}],"collection":[{"href":"https:\/\/www.uholavillagefoundation.com\/en\/wp-json\/wp\/v2\/posts"}],"about":[{"href":"https:\/\/www.uholavillagefoundation.com\/en\/wp-json\/wp\/v2\/types\/post"}],"author":[{"embeddable":true,"href":"https:\/\/www.uholavillagefoundation.com\/en\/wp-json\/wp\/v2\/users\/2"}],"replies":[{"embeddable":true,"href":"https:\/\/www.uholavillagefoundation.com\/en\/wp-json\/wp\/v2\/comments?post=3284"}],"version-history":[{"count":4,"href":"https:\/\/www.uholavillagefoundation.com\/en\/wp-json\/wp\/v2\/posts\/3284\/revisions"}],"predecessor-version":[{"id":3299,"href":"https:\/\/www.uholavillagefoundation.com\/en\/wp-json\/wp\/v2\/posts\/3284\/revisions\/3299"}],"wp:attachment":[{"href":"https:\/\/www.uholavillagefoundation.com\/en\/wp-json\/wp\/v2\/media?parent=3284"}],"wp:term":[{"taxonomy":"category","embeddable":true,"href":"https:\/\/www.uholavillagefoundation.com\/en\/wp-json\/wp\/v2\/categories?post=3284"},{"taxonomy":"post_tag","embeddable":true,"href":"https:\/\/www.uholavillagefoundation.com\/en\/wp-json\/wp\/v2\/tags?post=3284"}],"curies":[{"name":"wp","href":"https:\/\/api.w.org\/{rel}","templated":true}]}}