{"id":3301,"date":"2023-02-03T12:15:33","date_gmt":"2023-02-03T11:15:33","guid":{"rendered":"https:\/\/www.uholavillagefoundation.com\/?p=3301"},"modified":"2023-02-03T12:16:23","modified_gmt":"2023-02-03T11:16:23","slug":"koelner-chor-fuer-uhola","status":"publish","type":"post","link":"https:\/\/www.uholavillagefoundation.com\/en\/2023\/02\/03\/koelner-chor-fuer-uhola\/","title":{"rendered":"K\u00f6lner Chor f\u00fcr Uhola"},"content":{"rendered":"<p style=\"text-align: justify;\">Unser engagiertes Vereinsmitglied Hannah Bleileven singt im <a href=\"https:\/\/www.th-koeln.de\/studium\/chor-der-fachhochschule-koeln_8161.php\" target=\"_blank\" rel=\"noopener\">Chor der TH K\u00f6ln<\/a>. Letzten Samstag konnte der Chor ein h\u00f6chst erfolgreiches Konzert feiern. Die S\u00e4ngerInnen konnten zahlreiche BesucherInnen mit wundersch\u00f6nen Kl\u00e4ngen begeistern. So konnten sage und schreibe<strong> 1.000 \u20ac<\/strong> an Spendengeldern zusammenkommen, die an UVF f\u00fcr das zuk\u00fcnftige Ralak-Projekt gehen sollen.<\/p>\n<p>Ein riesiges Dankesch\u00f6n von unserer Seite!<\/p>\n<div class=\"su-youtube su-u-responsive-media-yes\"><iframe width=\"300\" height=\"400\" src=\"https:\/\/www.youtube.com\/embed\/vqrTbRi0wQI?\" frameborder=\"0\" allowfullscreen allow=\"autoplay; encrypted-media; picture-in-picture\" title=\"\"><\/iframe><\/div>\n","protected":false},"excerpt":{"rendered":"<p>Unser engagiertes Vereinsmitglied Hannah Bleileven singt im Chor der TH K\u00f6ln. Letzten Samstag konnte der Chor ein h\u00f6chst erfolgreiches Konzert feiern. Die S\u00e4ngerInnen konnten zahlreiche BesucherInnen mit wundersch\u00f6nen Kl\u00e4ngen begeistern. So konnten sage und schreibe 1.000 \u20ac an Spendengeldern zusammenkommen, die an UVF f\u00fcr das zuk\u00fcnftige Ralak-Projekt gehen sollen. Ein riesiges Dankesch\u00f6n von unserer Seite!<\/p>\n","protected":false},"author":2,"featured_media":0,"comment_status":"closed","ping_status":"open","sticky":false,"template":"","format":"standard","meta":[],"categories":[1],"tags":[],"translation":{"provider":"WPGlobus","version":"2.10.9","language":"en","enabled_languages":["de","en"],"languages":{"de":{"title":true,"content":true,"excerpt":false},"en":{"title":false,"content":false,"excerpt":false}}},"yoast_head":"<!-- This site is optimized with the Yoast SEO plugin v20.0 - https:\/\/yoast.com\/wordpress\/plugins\/seo\/ -->\n<title>K\u00f6lner Chor f\u00fcr Uhola - Uhola Village Foundation<\/title>\n<meta name=\"robots\" content=\"index, follow, max-snippet:-1, max-image-preview:large, max-video-preview:-1\" \/>\n<link rel=\"canonical\" href=\"https:\/\/www.uholavillagefoundation.com\/2023\/02\/03\/koelner-chor-fuer-uhola\/\" \/>\n<meta property=\"og:locale\" content=\"en_US\" \/>\n<meta property=\"og:type\" content=\"article\" \/>\n<meta property=\"og:title\" content=\"K\u00f6lner Chor f\u00fcr Uhola - Uhola Village Foundation\" \/>\n<meta property=\"og:url\" content=\"https:\/\/www.uholavillagefoundation.com\/2023\/02\/03\/koelner-chor-fuer-uhola\/\" \/>\n<meta property=\"og:site_name\" content=\"Uhola Village Foundation\" \/>\n<meta property=\"article:published_time\" content=\"2023-02-03T11:15:33+00:00\" \/>\n<meta property=\"article:modified_time\" content=\"2023-02-03T11:16:23+00:00\" \/>\n<meta name=\"author\" content=\"Tabitha Stimpfle\" \/>\n<meta name=\"twitter:card\" content=\"summary_large_image\" \/>\n<meta name=\"twitter:label1\" content=\"Written by\" \/>\n\t<meta name=\"twitter:data1\" content=\"Tabitha Stimpfle\" \/>\n<script type=\"application\/ld+json\" class=\"yoast-schema-graph\">{\"@context\":\"https:\/\/schema.org\",\"@graph\":[{\"@type\":\"Article\",\"@id\":\"https:\/\/www.uholavillagefoundation.com\/2023\/02\/03\/koelner-chor-fuer-uhola\/#article\",\"isPartOf\":{\"@id\":\"https:\/\/www.uholavillagefoundation.com\/2023\/02\/03\/koelner-chor-fuer-uhola\/\"},\"author\":{\"name\":\"Tabitha Stimpfle\",\"@id\":\"https:\/\/www.uholavillagefoundation.com\/#\/schema\/person\/afd27ef7f1019d520a92e7e6e48f50d0\"},\"headline\":\"K\u00f6lner Chor f\u00fcr Uhola\",\"datePublished\":\"2023-02-03T11:15:33+00:00\",\"dateModified\":\"2023-02-03T11:16:23+00:00\",\"mainEntityOfPage\":{\"@id\":\"https:\/\/www.uholavillagefoundation.com\/2023\/02\/03\/koelner-chor-fuer-uhola\/\"},\"wordCount\":76,\"publisher\":{\"@id\":\"https:\/\/www.uholavillagefoundation.com\/#organization\"},\"articleSection\":[\"Allgemein\"],\"inLanguage\":\"en-UK\"},{\"@type\":\"WebPage\",\"@id\":\"https:\/\/www.uholavillagefoundation.com\/2023\/02\/03\/koelner-chor-fuer-uhola\/\",\"url\":\"https:\/\/www.uholavillagefoundation.com\/2023\/02\/03\/koelner-chor-fuer-uhola\/\",\"name\":\"K\u00f6lner Chor f\u00fcr Uhola - Uhola Village Foundation\",\"isPartOf\":{\"@id\":\"https:\/\/www.uholavillagefoundation.com\/#website\"},\"datePublished\":\"2023-02-03T11:15:33+00:00\",\"dateModified\":\"2023-02-03T11:16:23+00:00\",\"breadcrumb\":{\"@id\":\"https:\/\/www.uholavillagefoundation.com\/2023\/02\/03\/koelner-chor-fuer-uhola\/#breadcrumb\"},\"inLanguage\":\"en-UK\",\"potentialAction\":[{\"@type\":\"ReadAction\",\"target\":[\"https:\/\/www.uholavillagefoundation.com\/2023\/02\/03\/koelner-chor-fuer-uhola\/\"]}]},{\"@type\":\"BreadcrumbList\",\"@id\":\"https:\/\/www.uholavillagefoundation.com\/2023\/02\/03\/koelner-chor-fuer-uhola\/#breadcrumb\",\"itemListElement\":[{\"@type\":\"ListItem\",\"position\":1,\"name\":\"Home\",\"item\":\"https:\/\/www.uholavillagefoundation.com\/\"},{\"@type\":\"ListItem\",\"position\":2,\"name\":\"K\u00f6lner Chor f\u00fcr Uhola\"}]},{\"@type\":\"WebSite\",\"@id\":\"https:\/\/www.uholavillagefoundation.com\/#website\",\"url\":\"https:\/\/www.uholavillagefoundation.com\/\",\"name\":\"Uhola Village Foundation\",\"description\":\"Supporting sustainable development in Uhola, Kenya\",\"publisher\":{\"@id\":\"https:\/\/www.uholavillagefoundation.com\/#organization\"},\"potentialAction\":[{\"@type\":\"SearchAction\",\"target\":{\"@type\":\"EntryPoint\",\"urlTemplate\":\"https:\/\/www.uholavillagefoundation.com\/?s={search_term_string}\"},\"query-input\":\"required name=search_term_string\"}],\"inLanguage\":\"en-UK\"},{\"@type\":\"Organization\",\"@id\":\"https:\/\/www.uholavillagefoundation.com\/#organization\",\"name\":\"Uhola Village Foundation\",\"url\":\"https:\/\/www.uholavillagefoundation.com\/\",\"logo\":{\"@type\":\"ImageObject\",\"inLanguage\":\"en-UK\",\"@id\":\"https:\/\/www.uholavillagefoundation.com\/#\/schema\/logo\/image\/\",\"url\":\"https:\/\/www.uholavillagefoundation.com\/wp-content\/uploads\/2017\/12\/cropped-24826032_1647026988691478_194300397_o.png\",\"contentUrl\":\"https:\/\/www.uholavillagefoundation.com\/wp-content\/uploads\/2017\/12\/cropped-24826032_1647026988691478_194300397_o.png\",\"width\":251,\"height\":250,\"caption\":\"Uhola Village Foundation\"},\"image\":{\"@id\":\"https:\/\/www.uholavillagefoundation.com\/#\/schema\/logo\/image\/\"}},{\"@type\":\"Person\",\"@id\":\"https:\/\/www.uholavillagefoundation.com\/#\/schema\/person\/afd27ef7f1019d520a92e7e6e48f50d0\",\"name\":\"Tabitha Stimpfle\",\"image\":{\"@type\":\"ImageObject\",\"inLanguage\":\"en-UK\",\"@id\":\"https:\/\/www.uholavillagefoundation.com\/#\/schema\/person\/image\/\",\"url\":\"https:\/\/secure.gravatar.com\/avatar\/8c66392656665d2f6b6e9d54969d083f?s=96&d=mm&r=g\",\"contentUrl\":\"https:\/\/secure.gravatar.com\/avatar\/8c66392656665d2f6b6e9d54969d083f?s=96&d=mm&r=g\",\"caption\":\"Tabitha Stimpfle\"},\"description\":\"Co-Initiatorin und Vorstandsmitglied von Uhola Village Foundation e.V.\",\"sameAs\":[\"http:\/\/www.uholavillagefoundation.com\"],\"url\":\"https:\/\/www.uholavillagefoundation.com\/en\/author\/tabitha\/\"}]}<\/script>\n<!-- \/ Yoast SEO plugin. -->","yoast_head_json":{"title":"K\u00f6lner Chor f\u00fcr Uhola - Uhola Village Foundation","robots":{"index":"index","follow":"follow","max-snippet":"max-snippet:-1","max-image-preview":"max-image-preview:large","max-video-preview":"max-video-preview:-1"},"canonical":"https:\/\/www.uholavillagefoundation.com\/2023\/02\/03\/koelner-chor-fuer-uhola\/","og_locale":"en_US","og_type":"article","og_title":"K\u00f6lner Chor f\u00fcr Uhola - Uhola Village Foundation","og_url":"https:\/\/www.uholavillagefoundation.com\/2023\/02\/03\/koelner-chor-fuer-uhola\/","og_site_name":"Uhola Village Foundation","article_published_time":"2023-02-03T11:15:33+00:00","article_modified_time":"2023-02-03T11:16:23+00:00","author":"Tabitha Stimpfle","twitter_card":"summary_large_image","twitter_misc":{"Written by":"Tabitha Stimpfle"},"schema":{"@context":"https:\/\/schema.org","@graph":[{"@type":"Article","@id":"https:\/\/www.uholavillagefoundation.com\/2023\/02\/03\/koelner-chor-fuer-uhola\/#article","isPartOf":{"@id":"https:\/\/www.uholavillagefoundation.com\/2023\/02\/03\/koelner-chor-fuer-uhola\/"},"author":{"name":"Tabitha Stimpfle","@id":"https:\/\/www.uholavillagefoundation.com\/#\/schema\/person\/afd27ef7f1019d520a92e7e6e48f50d0"},"headline":"K\u00f6lner Chor f\u00fcr Uhola","datePublished":"2023-02-03T11:15:33+00:00","dateModified":"2023-02-03T11:16:23+00:00","mainEntityOfPage":{"@id":"https:\/\/www.uholavillagefoundation.com\/2023\/02\/03\/koelner-chor-fuer-uhola\/"},"wordCount":76,"publisher":{"@id":"https:\/\/www.uholavillagefoundation.com\/#organization"},"articleSection":["Allgemein"],"inLanguage":"en-UK"},{"@type":"WebPage","@id":"https:\/\/www.uholavillagefoundation.com\/2023\/02\/03\/koelner-chor-fuer-uhola\/","url":"https:\/\/www.uholavillagefoundation.com\/2023\/02\/03\/koelner-chor-fuer-uhola\/","name":"K\u00f6lner Chor f\u00fcr Uhola - Uhola Village Foundation","isPartOf":{"@id":"https:\/\/www.uholavillagefoundation.com\/#website"},"datePublished":"2023-02-03T11:15:33+00:00","dateModified":"2023-02-03T11:16:23+00:00","breadcrumb":{"@id":"https:\/\/www.uholavillagefoundation.com\/2023\/02\/03\/koelner-chor-fuer-uhola\/#breadcrumb"},"inLanguage":"en-UK","potentialAction":[{"@type":"ReadAction","target":["https:\/\/www.uholavillagefoundation.com\/2023\/02\/03\/koelner-chor-fuer-uhola\/"]}]},{"@type":"BreadcrumbList","@id":"https:\/\/www.uholavillagefoundation.com\/2023\/02\/03\/koelner-chor-fuer-uhola\/#breadcrumb","itemListElement":[{"@type":"ListItem","position":1,"name":"Home","item":"https:\/\/www.uholavillagefoundation.com\/"},{"@type":"ListItem","position":2,"name":"K\u00f6lner Chor f\u00fcr Uhola"}]},{"@type":"WebSite","@id":"https:\/\/www.uholavillagefoundation.com\/#website","url":"https:\/\/www.uholavillagefoundation.com\/","name":"Uhola Village Foundation","description":"Supporting sustainable development in Uhola, Kenya","publisher":{"@id":"https:\/\/www.uholavillagefoundation.com\/#organization"},"potentialAction":[{"@type":"SearchAction","target":{"@type":"EntryPoint","urlTemplate":"https:\/\/www.uholavillagefoundation.com\/?s={search_term_string}"},"query-input":"required name=search_term_string"}],"inLanguage":"en-UK"},{"@type":"Organization","@id":"https:\/\/www.uholavillagefoundation.com\/#organization","name":"Uhola Village Foundation","url":"https:\/\/www.uholavillagefoundation.com\/","logo":{"@type":"ImageObject","inLanguage":"en-UK","@id":"https:\/\/www.uholavillagefoundation.com\/#\/schema\/logo\/image\/","url":"https:\/\/www.uholavillagefoundation.com\/wp-content\/uploads\/2017\/12\/cropped-24826032_1647026988691478_194300397_o.png","contentUrl":"https:\/\/www.uholavillagefoundation.com\/wp-content\/uploads\/2017\/12\/cropped-24826032_1647026988691478_194300397_o.png","width":251,"height":250,"caption":"Uhola Village Foundation"},"image":{"@id":"https:\/\/www.uholavillagefoundation.com\/#\/schema\/logo\/image\/"}},{"@type":"Person","@id":"https:\/\/www.uholavillagefoundation.com\/#\/schema\/person\/afd27ef7f1019d520a92e7e6e48f50d0","name":"Tabitha Stimpfle","image":{"@type":"ImageObject","inLanguage":"en-UK","@id":"https:\/\/www.uholavillagefoundation.com\/#\/schema\/person\/image\/","url":"https:\/\/secure.gravatar.com\/avatar\/8c66392656665d2f6b6e9d54969d083f?s=96&d=mm&r=g","contentUrl":"https:\/\/secure.gravatar.com\/avatar\/8c66392656665d2f6b6e9d54969d083f?s=96&d=mm&r=g","caption":"Tabitha Stimpfle"},"description":"Co-Initiatorin und Vorstandsmitglied von Uhola Village Foundation e.V.","sameAs":["http:\/\/www.uholavillagefoundation.com"],"url":"https:\/\/www.uholavillagefoundation.com\/en\/author\/tabitha\/"}]}},"_links":{"self":[{"href":"https:\/\/www.uholavillagefoundation.com\/en\/wp-json\/wp\/v2\/posts\/3301"}],"collection":[{"href":"https:\/\/www.uholavillagefoundation.com\/en\/wp-json\/wp\/v2\/posts"}],"about":[{"href":"https:\/\/www.uholavillagefoundation.com\/en\/wp-json\/wp\/v2\/types\/post"}],"author":[{"embeddable":true,"href":"https:\/\/www.uholavillagefoundation.com\/en\/wp-json\/wp\/v2\/users\/2"}],"replies":[{"embeddable":true,"href":"https:\/\/www.uholavillagefoundation.com\/en\/wp-json\/wp\/v2\/comments?post=3301"}],"version-history":[{"count":4,"href":"https:\/\/www.uholavillagefoundation.com\/en\/wp-json\/wp\/v2\/posts\/3301\/revisions"}],"predecessor-version":[{"id":3304,"href":"https:\/\/www.uholavillagefoundation.com\/en\/wp-json\/wp\/v2\/posts\/3301\/revisions\/3304"}],"wp:attachment":[{"href":"https:\/\/www.uholavillagefoundation.com\/en\/wp-json\/wp\/v2\/media?parent=3301"}],"wp:term":[{"taxonomy":"category","embeddable":true,"href":"https:\/\/www.uholavillagefoundation.com\/en\/wp-json\/wp\/v2\/categories?post=3301"},{"taxonomy":"post_tag","embeddable":true,"href":"https:\/\/www.uholavillagefoundation.com\/en\/wp-json\/wp\/v2\/tags?post=3301"}],"curies":[{"name":"wp","href":"https:\/\/api.w.org\/{rel}","templated":true}]}}